{"id":1203,"date":"2022-09-01T11:28:00","date_gmt":"2022-09-01T11:28:00","guid":{"rendered":"https:\/\/aita-iata.fi\/?p=1203"},"modified":"2022-09-08T11:51:25","modified_gmt":"2022-09-08T11:51:25","slug":"aita-iata-center-soker-en-teaterforestallning-till-nordisk-baltiska-amatorteaterfestivalen","status":"publish","type":"post","link":"https:\/\/aita-iata.fi\/sv\/2022\/09\/01\/aita-iata-center-soker-en-teaterforestallning-till-nordisk-baltiska-amatorteaterfestivalen\/","title":{"rendered":"Finlands AITA\/IATA \u2013 Center s\u00f6ker teatergrupp till v\u00e4rldsteaterfestivalen i Debrecen\ufffc"},"content":{"rendered":"<p>Finlands AITA\/IATA \u2013 Center s\u00f6ker teatergrupp till v\u00e4rldsteaterfestivalen i Debrecen, Ungern 19 \u2013 25 juni 2023.&nbsp;<\/p>\n\n\n\n<p>Ni har nu m\u00f6jlighet att s\u00f6ka till att representera Finland under den internationella amat\u00f6rteaterfestivalen som n\u00e4sta \u00e5r arrangeras i Ungern. Festivalens tema \u00e4r fred. Grupper p\u00e5 upp till 12 person f\u00e5r traktering och uppeh\u00e4lle bekostat av festivalarrang\u00f6ren. Finlands AITA\/IATA-Center kommer att betala f\u00f6r gruppens Flygresor till och fr\u00e5n Ungern. Deltagaravgift \u00e4r 100\u20ac\/person. <br>&nbsp;<br>Pj\u00e4sen som v\u00e4ljs f\u00e5r vara&nbsp;<strong>max 60 minuter<\/strong>&nbsp;i l\u00e5ng och f\u00e5r g\u00e4rna tangera temat Fred. Eftersom publiken \u00e4r internationell, \u00e4r ett gott r\u00e5d att satsa p\u00e5 ett visuellt framf\u00f6rande&nbsp;och dramatiska uttryck.&nbsp;<br><br><strong>Ans\u00f6kningar kan skickas till Finlands AITA\/IATA-center senast den 24.10!<\/strong>&nbsp;<br>Ans\u00f6kan skall best\u00e5 av en kort beskrivning och en inspelning av f\u00f6rest\u00e4llningen.&nbsp;<br><strong>Ans\u00f6kan skickas till adressen:&nbsp;<\/strong><a rel=\"noreferrer noopener\" href=\"mailto:aitaiata@teater.fi\" target=\"_blank\">aitaiata@teater.fi<\/a><strong>.&nbsp;<\/strong><br>Fr\u00e5gor kan riktas till&nbsp;<a href=\"mailto:teater@fsu.fi\">teater@fsu.fi<\/a><\/p>\n\n\n\n<p><\/p>\n\n\n\n<p><br><\/p>","protected":false},"excerpt":{"rendered":"<p>Finlands AITA\/IATA \u2013 Center s\u00f6ker teatergrupp till v\u00e4rldsteaterfestivalen i Debrecen, Ungern 19 \u2013 25 juni 2023.&nbsp; Ni har nu m\u00f6jlighet att s\u00f6ka till att representera Finland under den internationella amat\u00f6rteaterfestivalen som n\u00e4sta \u00e5r arrangeras i Ungern. Festivalens tema \u00e4r fred. Grupper p\u00e5 upp till 12 person f\u00e5r traktering och uppeh\u00e4lle bekostat av festivalarrang\u00f6ren. Finlands AITA\/IATA-Center [&hellip;]<\/p>\n","protected":false},"author":5,"featured_media":0,"comment_status":"open","ping_status":"open","sticky":false,"template":"","format":"standard","meta":{"ocean_post_layout":"","ocean_both_sidebars_style":"","ocean_both_sidebars_content_width":0,"ocean_both_sidebars_sidebars_width":0,"ocean_sidebar":"0","ocean_second_sidebar":"0","ocean_disable_margins":"enable","ocean_add_body_class":"","ocean_shortcode_before_top_bar":"","ocean_shortcode_after_top_bar":"","ocean_shortcode_before_header":"","ocean_shortcode_after_header":"","ocean_has_shortcode":"","ocean_shortcode_after_title":"","ocean_shortcode_before_footer_widgets":"","ocean_shortcode_after_footer_widgets":"","ocean_shortcode_before_footer_bottom":"","ocean_shortcode_after_footer_bottom":"","ocean_display_top_bar":"default","ocean_display_header":"default","ocean_header_style":"","ocean_center_header_left_menu":"0","ocean_custom_header_template":"0","ocean_custom_logo":0,"ocean_custom_retina_logo":0,"ocean_custom_logo_max_width":0,"ocean_custom_logo_tablet_max_width":0,"ocean_custom_logo_mobile_max_width":0,"ocean_custom_logo_max_height":0,"ocean_custom_logo_tablet_max_height":0,"ocean_custom_logo_mobile_max_height":0,"ocean_header_custom_menu":"0","ocean_menu_typo_font_family":"0","ocean_menu_typo_font_subset":"","ocean_menu_typo_font_size":0,"ocean_menu_typo_font_size_tablet":0,"ocean_menu_typo_font_size_mobile":0,"ocean_menu_typo_font_size_unit":"px","ocean_menu_typo_font_weight":"","ocean_menu_typo_font_weight_tablet":"","ocean_menu_typo_font_weight_mobile":"","ocean_menu_typo_transform":"","ocean_menu_typo_transform_tablet":"","ocean_menu_typo_transform_mobile":"","ocean_menu_typo_line_height":0,"ocean_menu_typo_line_height_tablet":0,"ocean_menu_typo_line_height_mobile":0,"ocean_menu_typo_line_height_unit":"","ocean_menu_typo_spacing":0,"ocean_menu_typo_spacing_tablet":0,"ocean_menu_typo_spacing_mobile":0,"ocean_menu_typo_spacing_unit":"","ocean_menu_link_color":"","ocean_menu_link_color_hover":"","ocean_menu_link_color_active":"","ocean_menu_link_background":"","ocean_menu_link_hover_background":"","ocean_menu_link_active_background":"","ocean_menu_social_links_bg":"","ocean_menu_social_hover_links_bg":"","ocean_menu_social_links_color":"","ocean_menu_social_hover_links_color":"","ocean_disable_title":"default","ocean_disable_heading":"default","ocean_post_title":"","ocean_post_subheading":"","ocean_post_title_style":"","ocean_post_title_background_color":"","ocean_post_title_background":0,"ocean_post_title_bg_image_position":"","ocean_post_title_bg_image_attachment":"","ocean_post_title_bg_image_repeat":"","ocean_post_title_bg_image_size":"","ocean_post_title_height":0,"ocean_post_title_bg_overlay":0.5,"ocean_post_title_bg_overlay_color":"","ocean_disable_breadcrumbs":"default","ocean_breadcrumbs_color":"","ocean_breadcrumbs_separator_color":"","ocean_breadcrumbs_links_color":"","ocean_breadcrumbs_links_hover_color":"","ocean_display_footer_widgets":"default","ocean_display_footer_bottom":"default","ocean_custom_footer_template":"0","ocean_post_oembed":"","ocean_post_self_hosted_media":"","ocean_post_video_embed":"","ocean_link_format":"","ocean_link_format_target":"self","ocean_quote_format":"","ocean_quote_format_link":"post","ocean_gallery_link_images":"off","ocean_gallery_id":[1138],"footnotes":""},"categories":[12],"tags":[],"class_list":["post-1203","post","type-post","status-publish","format-standard","hentry","category-svenska","entry"],"_links":{"self":[{"href":"https:\/\/aita-iata.fi\/sv\/wp-json\/wp\/v2\/posts\/1203","targetHints":{"allow":["GET"]}}],"collection":[{"href":"https:\/\/aita-iata.fi\/sv\/wp-json\/wp\/v2\/posts"}],"about":[{"href":"https:\/\/aita-iata.fi\/sv\/wp-json\/wp\/v2\/types\/post"}],"author":[{"embeddable":true,"href":"https:\/\/aita-iata.fi\/sv\/wp-json\/wp\/v2\/users\/5"}],"replies":[{"embeddable":true,"href":"https:\/\/aita-iata.fi\/sv\/wp-json\/wp\/v2\/comments?post=1203"}],"version-history":[{"count":3,"href":"https:\/\/aita-iata.fi\/sv\/wp-json\/wp\/v2\/posts\/1203\/revisions"}],"predecessor-version":[{"id":1215,"href":"https:\/\/aita-iata.fi\/sv\/wp-json\/wp\/v2\/posts\/1203\/revisions\/1215"}],"wp:attachment":[{"href":"https:\/\/aita-iata.fi\/sv\/wp-json\/wp\/v2\/media?parent=1203"}],"wp:term":[{"taxonomy":"category","embeddable":true,"href":"https:\/\/aita-iata.fi\/sv\/wp-json\/wp\/v2\/categories?post=1203"},{"taxonomy":"post_tag","embeddable":true,"href":"https:\/\/aita-iata.fi\/sv\/wp-json\/wp\/v2\/tags?post=1203"}],"curies":[{"name":"wp","href":"https:\/\/api.w.org\/{rel}","templated":true}]}}